{"id":2712,"date":"2018-08-18T23:57:58","date_gmt":"2018-08-18T21:57:58","guid":{"rendered":"http:\/\/la-maison-chabbert.com\/?p=2712"},"modified":"2018-08-21T20:03:02","modified_gmt":"2018-08-21T18:03:02","slug":"wandeltocht-katharen-route-vanuit-la-maison-chabbert","status":"publish","type":"post","link":"https:\/\/la-maison-chabbert.com\/fr\/wandeltocht-katharen-route-vanuit-la-maison-chabbert\/","title":{"rendered":"Le Sentier Cathare \u00e0 pied!"},"content":{"rendered":"<h2>Qui ose le faire? Une randonn\u00e9e depuis La Maison Chabbert via Narbonne jusqu&rsquo;au Sentier Cathare et via Carcassonne retour \u00e0 Beaufort.<\/h2>\n<p><img loading=\"lazy\" decoding=\"async\" class=\"alignleft wp-image-2770 size-medium\" title=\"D\u00e9part \u00e0 La Maison Chabbert\" src=\"http:\/\/la-maison-chabbert.com\/wp-content\/uploads\/IMG_1968-e1534661602373-225x300.jpg\" alt=\"\" width=\"225\" height=\"300\" srcset=\"https:\/\/la-maison-chabbert.com\/wp-content\/uploads\/IMG_1968-e1534661602373-225x300.jpg 225w, https:\/\/la-maison-chabbert.com\/wp-content\/uploads\/IMG_1968-e1534661602373.jpg 480w\" sizes=\"auto, (max-width: 225px) 85vw, 225px\" \/>Les fervents randonneurs Anja et Wim ont parcouru les 450 km en 18 jours! Le 15 ao\u00fbt ils sont revenus chez nous et nous avons pu profiter de leurs histoires anim\u00e9es et extraordinaires sur les paysages remarquables, les mont\u00e9es difficiles, les innombrables \u2018toiles\u2019 de chenilles, la forte chaleur et les h\u00e9bergements surprenants.<\/p>\n<p>La variation \u00e9tait abondante. La randonn\u00e9e les a men\u00e9s \u00e0 travers le Minervois, \u00e0 travers le parc naturel r\u00e9gional de la Narbonnaise en M\u00e9diterran\u00e9e et le long du Canal du Midi en passant plus de 10 ch\u00e2teaux cathares.<\/p>\n<p>Il y avait quelques obstacles qu\u2019Anja et Wim n&rsquo;avaient pas pleinement pr\u00e9vus. Tout d&rsquo;abord, la canicule de cette ann\u00e9e avec des temp\u00e9ratures persistantes entre 35 et 40 degr\u00e9s.<\/p>\n<p>Bien que de nombreux d\u00e9fis randonn\u00e9e aient d\u00e9j\u00e0 \u00e9t\u00e9 faits, ils ont n\u00e9anmoins \u00e9t\u00e9 surpris par le niveau de difficult\u00e9 de la route cathare, comme l&rsquo;escalade de 250 \u00e0 850 m\u00e8tres d&rsquo;altitude en 3 km, ouf!<\/p>\n<p>Ils ont \u00e9prouv\u00e9 une nouvelle et \u00e9trange exp\u00e9rience dans des for\u00eats infest\u00e9es de chenilles. En frappant un b\u00e2ton, ils ont d\u00fb paver leur chemin \u00e0 travers les fils de toile des chenilles.<\/p>\n<p>Malgr\u00e9 les \u00e9preuves, chaque jour ils ont beaucoup appr\u00e9ci\u00e9 le voyage et surtout aussi les r\u00e9compenses apr\u00e8s: des h\u00e9bergements agr\u00e9ables et surprenantes, des douches rafra\u00eechissantes, des bi\u00e8res froides et des repas savoureux.<\/p>\n<p>Conclusion d&rsquo;Anja et Wim: un tour pour les randonneurs exp\u00e9riment\u00e9s, qui vaut vraiment la peine, mais il vaut mieux choisir une p\u00e9riode plus fra\u00eeche.<\/p>\n<p>Si vous voulez en savoir plus, n&rsquo;h\u00e9sitez pas \u00e0 nous contacter.<\/p>\nngg_shortcode_0_placeholder\n","protected":false},"excerpt":{"rendered":"<p>Qui ose le faire? Une randonn\u00e9e depuis La Maison Chabbert via Narbonne jusqu&rsquo;au Sentier Cathare et via Carcassonne retour \u00e0 Beaufort. Les fervents randonneurs Anja et Wim ont parcouru les 450 km en 18 jours! Le 15 ao\u00fbt ils sont revenus chez nous et nous avons pu profiter de leurs histoires anim\u00e9es et extraordinaires sur &hellip; <a href=\"https:\/\/la-maison-chabbert.com\/fr\/wandeltocht-katharen-route-vanuit-la-maison-chabbert\/\" class=\"more-link\">Continuer la lecture<span class=\"screen-reader-text\"> de &laquo;&nbsp;Le Sentier Cathare \u00e0 pied!&nbsp;&raquo;<\/span><\/a><\/p>\n","protected":false},"author":2,"featured_media":254,"comment_status":"closed","ping_status":"closed","sticky":false,"template":"","format":"standard","meta":{"ngg_post_thumbnail":0,"footnotes":""},"categories":[1],"tags":[],"class_list":["post-2712","post","type-post","status-publish","format-standard","has-post-thumbnail","hentry","category-geen-categorie"],"translation":{"provider":"WPGlobus","version":"3.0.0","language":"fr","enabled_languages":["nl","fr","gb","de"],"languages":{"nl":{"title":true,"content":true,"excerpt":false},"fr":{"title":true,"content":true,"excerpt":false},"gb":{"title":false,"content":true,"excerpt":false},"de":{"title":false,"content":true,"excerpt":false}}},"yoast_head":"<!-- This site is optimized with the Yoast SEO plugin v24.4 - https:\/\/yoast.com\/wordpress\/plugins\/seo\/ -->\n<title>Le Sentier Cathare \u00e0 pied! - La Maison Chabbert<\/title>\n<meta name=\"robots\" content=\"index, follow, max-snippet:-1, max-image-preview:large, max-video-preview:-1\" \/>\n<link rel=\"canonical\" href=\"https:\/\/la-maison-chabbert.com\/wandeltocht-katharen-route-vanuit-la-maison-chabbert\/\" \/>\n<meta property=\"og:locale\" content=\"fr_FR\" \/>\n<meta property=\"og:type\" content=\"article\" \/>\n<meta property=\"og:title\" content=\"Le Sentier Cathare \u00e0 pied! - La Maison Chabbert\" \/>\n<meta property=\"og:url\" content=\"https:\/\/la-maison-chabbert.com\/wandeltocht-katharen-route-vanuit-la-maison-chabbert\/\" \/>\n<meta property=\"og:site_name\" content=\"La Maison Chabbert\" \/>\n<meta property=\"article:publisher\" content=\"https:\/\/www.facebook.com\/search\/top?q=lamaisonchabbert\" \/>\n<meta property=\"article:published_time\" content=\"2018-08-18T21:57:58+00:00\" \/>\n<meta property=\"article:modified_time\" content=\"2018-08-21T18:03:02+00:00\" \/>\n<meta property=\"og:image\" content=\"https:\/\/la-maison-chabbert.com\/wp-content\/uploads\/banner8.png\" \/>\n\t<meta property=\"og:image:width\" content=\"1200\" \/>\n\t<meta property=\"og:image:height\" content=\"216\" \/>\n\t<meta property=\"og:image:type\" content=\"image\/png\" \/>\n<meta name=\"author\" content=\"Annemarie\" \/>\n<meta name=\"twitter:card\" content=\"summary_large_image\" \/>\n<meta name=\"twitter:label1\" content=\"\u00c9crit par\" \/>\n\t<meta name=\"twitter:data1\" content=\"Annemarie\" \/>\n\t<meta name=\"twitter:label2\" content=\"Dur\u00e9e de lecture estim\u00e9e\" \/>\n\t<meta name=\"twitter:data2\" content=\"6 minutes\" \/>\n<script type=\"application\/ld+json\" class=\"yoast-schema-graph\">{\"@context\":\"https:\/\/schema.org\",\"@graph\":[{\"@type\":\"Article\",\"@id\":\"https:\/\/la-maison-chabbert.com\/wandeltocht-katharen-route-vanuit-la-maison-chabbert\/#article\",\"isPartOf\":{\"@id\":\"https:\/\/la-maison-chabbert.com\/wandeltocht-katharen-route-vanuit-la-maison-chabbert\/\"},\"author\":{\"name\":\"Annemarie\",\"@id\":\"https:\/\/la-maison-chabbert.com\/#\/schema\/person\/96f3433a685c0e7ce7e4136fb89ccaf2\"},\"headline\":\"Le Sentier Cathare \u00e0 pied!\",\"datePublished\":\"2018-08-18T21:57:58+00:00\",\"dateModified\":\"2018-08-21T18:03:02+00:00\",\"mainEntityOfPage\":{\"@id\":\"https:\/\/la-maison-chabbert.com\/wandeltocht-katharen-route-vanuit-la-maison-chabbert\/\"},\"wordCount\":1286,\"publisher\":{\"@id\":\"https:\/\/la-maison-chabbert.com\/#organization\"},\"image\":{\"@id\":\"https:\/\/la-maison-chabbert.com\/wandeltocht-katharen-route-vanuit-la-maison-chabbert\/#primaryimage\"},\"thumbnailUrl\":\"https:\/\/la-maison-chabbert.com\/wp-content\/uploads\/banner8.png\",\"articleSection\":[\"Geen categorie\"],\"inLanguage\":\"fr-FR\"},{\"@type\":\"WebPage\",\"@id\":\"https:\/\/la-maison-chabbert.com\/wandeltocht-katharen-route-vanuit-la-maison-chabbert\/\",\"url\":\"https:\/\/la-maison-chabbert.com\/wandeltocht-katharen-route-vanuit-la-maison-chabbert\/\",\"name\":\"Le Sentier Cathare \u00e0 pied! - La Maison Chabbert\",\"isPartOf\":{\"@id\":\"https:\/\/la-maison-chabbert.com\/#website\"},\"primaryImageOfPage\":{\"@id\":\"https:\/\/la-maison-chabbert.com\/wandeltocht-katharen-route-vanuit-la-maison-chabbert\/#primaryimage\"},\"image\":{\"@id\":\"https:\/\/la-maison-chabbert.com\/wandeltocht-katharen-route-vanuit-la-maison-chabbert\/#primaryimage\"},\"thumbnailUrl\":\"https:\/\/la-maison-chabbert.com\/wp-content\/uploads\/banner8.png\",\"datePublished\":\"2018-08-18T21:57:58+00:00\",\"dateModified\":\"2018-08-21T18:03:02+00:00\",\"breadcrumb\":{\"@id\":\"https:\/\/la-maison-chabbert.com\/wandeltocht-katharen-route-vanuit-la-maison-chabbert\/#breadcrumb\"},\"inLanguage\":\"fr-FR\",\"potentialAction\":[{\"@type\":\"ReadAction\",\"target\":[\"https:\/\/la-maison-chabbert.com\/wandeltocht-katharen-route-vanuit-la-maison-chabbert\/\"]}]},{\"@type\":\"ImageObject\",\"inLanguage\":\"fr-FR\",\"@id\":\"https:\/\/la-maison-chabbert.com\/wandeltocht-katharen-route-vanuit-la-maison-chabbert\/#primaryimage\",\"url\":\"https:\/\/la-maison-chabbert.com\/wp-content\/uploads\/banner8.png\",\"contentUrl\":\"https:\/\/la-maison-chabbert.com\/wp-content\/uploads\/banner8.png\",\"width\":1200,\"height\":216},{\"@type\":\"BreadcrumbList\",\"@id\":\"https:\/\/la-maison-chabbert.com\/wandeltocht-katharen-route-vanuit-la-maison-chabbert\/#breadcrumb\",\"itemListElement\":[{\"@type\":\"ListItem\",\"position\":1,\"name\":\"Home\",\"item\":\"https:\/\/la-maison-chabbert.com\/\"},{\"@type\":\"ListItem\",\"position\":2,\"name\":\"Katharen route vanuit La\u00a0Maison Chabbert\"}]},{\"@type\":\"WebSite\",\"@id\":\"https:\/\/la-maison-chabbert.com\/#website\",\"url\":\"https:\/\/la-maison-chabbert.com\/\",\"name\":\"La Maison Chabbert\",\"description\":\"schepje\",\"publisher\":{\"@id\":\"https:\/\/la-maison-chabbert.com\/#organization\"},\"potentialAction\":[{\"@type\":\"SearchAction\",\"target\":{\"@type\":\"EntryPoint\",\"urlTemplate\":\"https:\/\/la-maison-chabbert.com\/?s={search_term_string}\"},\"query-input\":{\"@type\":\"PropertyValueSpecification\",\"valueRequired\":true,\"valueName\":\"search_term_string\"}}],\"inLanguage\":\"fr-FR\"},{\"@type\":\"Organization\",\"@id\":\"https:\/\/la-maison-chabbert.com\/#organization\",\"name\":\"La Maison Chabbert\",\"url\":\"https:\/\/la-maison-chabbert.com\/\",\"logo\":{\"@type\":\"ImageObject\",\"inLanguage\":\"fr-FR\",\"@id\":\"https:\/\/la-maison-chabbert.com\/#\/schema\/logo\/image\/\",\"url\":\"https:\/\/la-maison-chabbert.com\/wp-content\/uploads\/chabbert.png\",\"contentUrl\":\"https:\/\/la-maison-chabbert.com\/wp-content\/uploads\/chabbert.png\",\"width\":421,\"height\":432,\"caption\":\"La Maison Chabbert\"},\"image\":{\"@id\":\"https:\/\/la-maison-chabbert.com\/#\/schema\/logo\/image\/\"},\"sameAs\":[\"https:\/\/www.facebook.com\/search\/top?q=lamaisonchabbert\",\"https:\/\/www.instagram.com\/lamaisonchabbert\/\"]},{\"@type\":\"Person\",\"@id\":\"https:\/\/la-maison-chabbert.com\/#\/schema\/person\/96f3433a685c0e7ce7e4136fb89ccaf2\",\"name\":\"Annemarie\",\"url\":\"https:\/\/la-maison-chabbert.com\/fr\/author\/annemarie\/\"}]}<\/script>\n<!-- \/ Yoast SEO plugin. -->","yoast_head_json":{"title":"Le Sentier Cathare \u00e0 pied! - La Maison Chabbert","robots":{"index":"index","follow":"follow","max-snippet":"max-snippet:-1","max-image-preview":"max-image-preview:large","max-video-preview":"max-video-preview:-1"},"canonical":"https:\/\/la-maison-chabbert.com\/wandeltocht-katharen-route-vanuit-la-maison-chabbert\/","og_locale":"fr_FR","og_type":"article","og_title":"Le Sentier Cathare \u00e0 pied! - La Maison Chabbert","og_url":"https:\/\/la-maison-chabbert.com\/wandeltocht-katharen-route-vanuit-la-maison-chabbert\/","og_site_name":"La Maison Chabbert","article_publisher":"https:\/\/www.facebook.com\/search\/top?q=lamaisonchabbert","article_published_time":"2018-08-18T21:57:58+00:00","article_modified_time":"2018-08-21T18:03:02+00:00","og_image":[{"width":1200,"height":216,"url":"https:\/\/la-maison-chabbert.com\/wp-content\/uploads\/banner8.png","type":"image\/png"}],"author":"Annemarie","twitter_card":"summary_large_image","twitter_misc":{"\u00c9crit par":"Annemarie","Dur\u00e9e de lecture estim\u00e9e":"6 minutes"},"schema":{"@context":"https:\/\/schema.org","@graph":[{"@type":"Article","@id":"https:\/\/la-maison-chabbert.com\/wandeltocht-katharen-route-vanuit-la-maison-chabbert\/#article","isPartOf":{"@id":"https:\/\/la-maison-chabbert.com\/wandeltocht-katharen-route-vanuit-la-maison-chabbert\/"},"author":{"name":"Annemarie","@id":"https:\/\/la-maison-chabbert.com\/#\/schema\/person\/96f3433a685c0e7ce7e4136fb89ccaf2"},"headline":"Le Sentier Cathare \u00e0 pied!","datePublished":"2018-08-18T21:57:58+00:00","dateModified":"2018-08-21T18:03:02+00:00","mainEntityOfPage":{"@id":"https:\/\/la-maison-chabbert.com\/wandeltocht-katharen-route-vanuit-la-maison-chabbert\/"},"wordCount":1286,"publisher":{"@id":"https:\/\/la-maison-chabbert.com\/#organization"},"image":{"@id":"https:\/\/la-maison-chabbert.com\/wandeltocht-katharen-route-vanuit-la-maison-chabbert\/#primaryimage"},"thumbnailUrl":"https:\/\/la-maison-chabbert.com\/wp-content\/uploads\/banner8.png","articleSection":["Geen categorie"],"inLanguage":"fr-FR"},{"@type":"WebPage","@id":"https:\/\/la-maison-chabbert.com\/wandeltocht-katharen-route-vanuit-la-maison-chabbert\/","url":"https:\/\/la-maison-chabbert.com\/wandeltocht-katharen-route-vanuit-la-maison-chabbert\/","name":"Le Sentier Cathare \u00e0 pied! - La Maison Chabbert","isPartOf":{"@id":"https:\/\/la-maison-chabbert.com\/#website"},"primaryImageOfPage":{"@id":"https:\/\/la-maison-chabbert.com\/wandeltocht-katharen-route-vanuit-la-maison-chabbert\/#primaryimage"},"image":{"@id":"https:\/\/la-maison-chabbert.com\/wandeltocht-katharen-route-vanuit-la-maison-chabbert\/#primaryimage"},"thumbnailUrl":"https:\/\/la-maison-chabbert.com\/wp-content\/uploads\/banner8.png","datePublished":"2018-08-18T21:57:58+00:00","dateModified":"2018-08-21T18:03:02+00:00","breadcrumb":{"@id":"https:\/\/la-maison-chabbert.com\/wandeltocht-katharen-route-vanuit-la-maison-chabbert\/#breadcrumb"},"inLanguage":"fr-FR","potentialAction":[{"@type":"ReadAction","target":["https:\/\/la-maison-chabbert.com\/wandeltocht-katharen-route-vanuit-la-maison-chabbert\/"]}]},{"@type":"ImageObject","inLanguage":"fr-FR","@id":"https:\/\/la-maison-chabbert.com\/wandeltocht-katharen-route-vanuit-la-maison-chabbert\/#primaryimage","url":"https:\/\/la-maison-chabbert.com\/wp-content\/uploads\/banner8.png","contentUrl":"https:\/\/la-maison-chabbert.com\/wp-content\/uploads\/banner8.png","width":1200,"height":216},{"@type":"BreadcrumbList","@id":"https:\/\/la-maison-chabbert.com\/wandeltocht-katharen-route-vanuit-la-maison-chabbert\/#breadcrumb","itemListElement":[{"@type":"ListItem","position":1,"name":"Home","item":"https:\/\/la-maison-chabbert.com\/"},{"@type":"ListItem","position":2,"name":"Katharen route vanuit La\u00a0Maison Chabbert"}]},{"@type":"WebSite","@id":"https:\/\/la-maison-chabbert.com\/#website","url":"https:\/\/la-maison-chabbert.com\/","name":"La Maison Chabbert","description":"schepje","publisher":{"@id":"https:\/\/la-maison-chabbert.com\/#organization"},"potentialAction":[{"@type":"SearchAction","target":{"@type":"EntryPoint","urlTemplate":"https:\/\/la-maison-chabbert.com\/?s={search_term_string}"},"query-input":{"@type":"PropertyValueSpecification","valueRequired":true,"valueName":"search_term_string"}}],"inLanguage":"fr-FR"},{"@type":"Organization","@id":"https:\/\/la-maison-chabbert.com\/#organization","name":"La Maison Chabbert","url":"https:\/\/la-maison-chabbert.com\/","logo":{"@type":"ImageObject","inLanguage":"fr-FR","@id":"https:\/\/la-maison-chabbert.com\/#\/schema\/logo\/image\/","url":"https:\/\/la-maison-chabbert.com\/wp-content\/uploads\/chabbert.png","contentUrl":"https:\/\/la-maison-chabbert.com\/wp-content\/uploads\/chabbert.png","width":421,"height":432,"caption":"La Maison Chabbert"},"image":{"@id":"https:\/\/la-maison-chabbert.com\/#\/schema\/logo\/image\/"},"sameAs":["https:\/\/www.facebook.com\/search\/top?q=lamaisonchabbert","https:\/\/www.instagram.com\/lamaisonchabbert\/"]},{"@type":"Person","@id":"https:\/\/la-maison-chabbert.com\/#\/schema\/person\/96f3433a685c0e7ce7e4136fb89ccaf2","name":"Annemarie","url":"https:\/\/la-maison-chabbert.com\/fr\/author\/annemarie\/"}]}},"_links":{"self":[{"href":"https:\/\/la-maison-chabbert.com\/fr\/wp-json\/wp\/v2\/posts\/2712","targetHints":{"allow":["GET"]}}],"collection":[{"href":"https:\/\/la-maison-chabbert.com\/fr\/wp-json\/wp\/v2\/posts"}],"about":[{"href":"https:\/\/la-maison-chabbert.com\/fr\/wp-json\/wp\/v2\/types\/post"}],"author":[{"embeddable":true,"href":"https:\/\/la-maison-chabbert.com\/fr\/wp-json\/wp\/v2\/users\/2"}],"replies":[{"embeddable":true,"href":"https:\/\/la-maison-chabbert.com\/fr\/wp-json\/wp\/v2\/comments?post=2712"}],"version-history":[{"count":29,"href":"https:\/\/la-maison-chabbert.com\/fr\/wp-json\/wp\/v2\/posts\/2712\/revisions"}],"predecessor-version":[{"id":2794,"href":"https:\/\/la-maison-chabbert.com\/fr\/wp-json\/wp\/v2\/posts\/2712\/revisions\/2794"}],"wp:featuredmedia":[{"embeddable":true,"href":"https:\/\/la-maison-chabbert.com\/fr\/wp-json\/wp\/v2\/media\/254"}],"wp:attachment":[{"href":"https:\/\/la-maison-chabbert.com\/fr\/wp-json\/wp\/v2\/media?parent=2712"}],"wp:term":[{"taxonomy":"category","embeddable":true,"href":"https:\/\/la-maison-chabbert.com\/fr\/wp-json\/wp\/v2\/categories?post=2712"},{"taxonomy":"post_tag","embeddable":true,"href":"https:\/\/la-maison-chabbert.com\/fr\/wp-json\/wp\/v2\/tags?post=2712"}],"curies":[{"name":"wp","href":"https:\/\/api.w.org\/{rel}","templated":true}]}}